{"id":11,"date":"2014-08-17T05:53:52","date_gmt":"2014-08-17T03:53:52","guid":{"rendered":"http:\/\/pubweb.carnet.hr\/turic\/?p=11"},"modified":"2015-10-28T11:00:36","modified_gmt":"2015-10-28T10:00:36","slug":"svete-mise-30-i-31-kolovoza-2014-za-fra-lovrinu-nedjelju","status":"publish","type":"post","link":"https:\/\/turic.hr\/?p=11","title":{"rendered":"Svete mise 30. i 31. kolovoza 2014. &#8211; za Fra Lovrinu nedjelju"},"content":{"rendered":"<p>Svete mise 30. i 31. kolovoza 2014. &#8211; za Fra Lovrinu nedjelju:<\/p>\n<ul>\n<li>subota, 30. kolovoza 2014. &#8211; sveta misa na groblju u 18 sati i nakon mise procesija do mjesta fra Lovrine pogibije. Misu i procesiju predvodi biskup Tomo Vuku\u0161i\u0107.<\/li>\n<li>nedjelja, 31. kolovoza 2014. sveta misa na groblju u 11 sati. Misu predvodi vl\u010d. Pero Brki\u0107.<\/li>\n<\/ul>\n<p>Bilo bi lijepo da nas bude u \u0161to ve\u0107em broju.<\/p>\n<p><strong><span style=\"text-decoration: underline\">Vele\u010dasni Pero moli da mu se jave dje\u010daci ili mladi\u0107i (jedan ili vi\u0161e njih) koji bi na smjenu nosili kri\u017e u procesiji.<\/span><\/strong><\/p>\n<p>Na <a href=\"http:\/\/www.ktabkbih.net\/info.asp?id=41954\" target=\"_blank\">ovoj poveznici<\/a> mo\u017eete pro\u010ditati propovijed biskupa Peri\u0107a na misi u Donjoj Tramo\u0161nici 6. velja\u010de 2014. o <a href=\"http:\/\/www.ktabkbih.net\/info.asp?id=41954\" target=\"_blank\">fra Lovri i njegovom \u010da\u0161\u0107enju kao mu\u010denika<\/a>.<br \/>\nNa <a href=\"http:\/\/www.svjetlorijeci.ba\/clanak\/1297\/ofm-bih\/fra-marijan-karaula-vicepostulator\" target=\"_blank\">ovoj poveznici<\/a> mo\u017eete pro\u010ditati o <a href=\"http:\/\/www.svjetlorijeci.ba\/clanak\/1297\/ofm-bih\/fra-marijan-karaula-vicepostulator\" target=\"_blank\">otvaranju postupka za beatifikaciju fra Lovre Milanovi\u0107a<\/a> 7. svibnja 2014., kao i <a href=\"http:\/\/www.katolicki-tjednik.com\/vijest.asp?n_UID=1057\" target=\"_blank\">prilog vl\u010d. Miroslava Agostinija<\/a> povodom obilje\u017eavanja 200. godi\u0161njice fra Lovrine mu\u010deni\u010dke smrti.<\/p>\n","protected":false},"excerpt":{"rendered":"<p>Svete mise 30. i 31. kolovoza 2014. &#8211; za Fra Lovrinu nedjelju: subota, 30. kolovoza 2014. &#8211; sveta misa na groblju u 18 sati i nakon mise procesija do mjesta fra Lovrine pogibije. Misu i procesiju predvodi biskup Tomo Vuku\u0161i\u0107. nedjelja, 31. kolovoza 2014. sveta misa na groblju u 11 sati. Misu predvodi vl\u010d. Pero [&hellip;]<\/p>\n","protected":false},"author":185,"featured_media":0,"comment_status":"closed","ping_status":"closed","sticky":false,"template":"","format":"standard","meta":{"footnotes":""},"categories":[20],"tags":[],"class_list":["post-11","post","type-post","status-publish","format-standard","hentry","category-arhiva_zupa"],"_links":{"self":[{"href":"https:\/\/turic.hr\/index.php?rest_route=\/wp\/v2\/posts\/11","targetHints":{"allow":["GET"]}}],"collection":[{"href":"https:\/\/turic.hr\/index.php?rest_route=\/wp\/v2\/posts"}],"about":[{"href":"https:\/\/turic.hr\/index.php?rest_route=\/wp\/v2\/types\/post"}],"author":[{"embeddable":true,"href":"https:\/\/turic.hr\/index.php?rest_route=\/wp\/v2\/users\/185"}],"replies":[{"embeddable":true,"href":"https:\/\/turic.hr\/index.php?rest_route=%2Fwp%2Fv2%2Fcomments&post=11"}],"version-history":[{"count":0,"href":"https:\/\/turic.hr\/index.php?rest_route=\/wp\/v2\/posts\/11\/revisions"}],"wp:attachment":[{"href":"https:\/\/turic.hr\/index.php?rest_route=%2Fwp%2Fv2%2Fmedia&parent=11"}],"wp:term":[{"taxonomy":"category","embeddable":true,"href":"https:\/\/turic.hr\/index.php?rest_route=%2Fwp%2Fv2%2Fcategories&post=11"},{"taxonomy":"post_tag","embeddable":true,"href":"https:\/\/turic.hr\/index.php?rest_route=%2Fwp%2Fv2%2Ftags&post=11"}],"curies":[{"name":"wp","href":"https:\/\/api.w.org\/{rel}","templated":true}]}}