{"id":182,"date":"2012-07-16T14:03:37","date_gmt":"2012-07-16T12:03:37","guid":{"rendered":"http:\/\/pubweb.carnet.hr\/turic\/?p=182"},"modified":"2015-10-28T13:39:37","modified_gmt":"2015-10-28T12:39:37","slug":"o-ljudima-iz-turica","status":"publish","type":"post","link":"https:\/\/turic.hr\/?p=182","title":{"rendered":"O Julijani Matanovi\u0107"},"content":{"rendered":"<p>Na mre\u017enoj stranici <a href=\"http:\/\/hr.wikipedia.org\/wiki\/Julijana_Matanovi%C4%87\" target=\"_blank\">Julijane Matanovi\u0107<\/a>, poznate spisateljice koja je profesorica na Filozofskom fakultetu u Zagrebu (koja je stalno \u017eivjela u Turi\u0107u do tre\u0107e godine \u017eivota), mo\u017eete prona\u0107i podatke o njezinim djelima. <a href=\"http:\/\/www.klix.ba\/vijesti\/kultura\/julijana-matanovic-bosna-zemlja-koja-je-ostala-na-nebu\/121209077\">U razgovoru za portal KLIX.ba<\/a> mo\u017eete pro\u010ditati i o njezinoj vezi s Bosnom, Grada\u010dcem i Kraljevom Sutjeskom (iz koje su, prema crkvenim maticama, preci nekih od nas doseljavali u na\u0161e krajeve prije 200 godina, kako bi mogli na plodnoj zemlji raditi i prehraniti brojne \u010dlanove obitelji). Ina\u010de, Kraljeva Sutjeska je kraj u kojemu su stolovali posljednji bosanski kraljevi i posljednja kraljica Katarina. To je jedan od malobrojnih krajeva u Bosni koji uop\u0107e zdu\u0161no \u010duva pozitivnu uspomenu i sje\u0107anje na posljednje bosanske kraljeve (vi\u0161e o tom kraju na: <a href=\"http:\/\/kraljeva-sutjeska.com\/\" target=\"_blank\">http:\/\/kraljeva-sutjeska.com<\/a>).<br \/>\nKako su Julijanin otac Ilija (Iljkan) i brat Dra\u017ean, svaki &#8216;u svoje vrijeme&#8217; i kad god su mogli igrali za Dinamo Turi\u0107 (Iljkan je pje\u0161ice s vlaka u Bijaloj dolazio iz Tuzle na utakmice Dinama Turi\u0107), i za Dinamo Turi\u0107 bili su kad su igrali ono \u0161to je Dra\u017ean Jerkovi\u0107 bio za reprezentaciju biv\u0161e dr\u017eave, pri\u010de koje pi\u0161e Julijana sadr\u017ee uvijek ne\u0161to zanimljivo nama koji smo ro\u0111eni i koji smo \u017eivjeli u Turi\u0107u i Bosni.<br \/>\nPreporu\u010dam za po\u010detak pri\u010du o ocu koji ima vremena (&#8220;On uvijek ima vremena&#8221;) koje \u0107ete prona\u0107i u njezinim knjigama koje se mogu nabaviti u knji\u017earama u Hrvatskoj.<br \/>\nTu su jo\u0161 neke njene pri\u010de-zabilje\u0161ke-razmi\u0161ljanja u vezi s na\u0161im krajem (&#8220;Pri\u010da o najstarijem&#8221;, &#8220;Neupisani grad&#8221;), kao i ne\u0161to u vezi Dinama (&#8220;Zastoj vrijedan pri\u010de&#8221;). Jedan noviji razgovor s njom iz 2014. godine mo\u017eete pro\u010ditati <a href=\"http:\/\/www.24sata.hr\/lifestyle\/julijana-matanovic-pisanjem-lijecim-svoje-rane-i-borim-se-349190\">ovdje (24sata.hr)<\/a>.<\/p>\n<p>&nbsp;<\/p>\n","protected":false},"excerpt":{"rendered":"<p>Na mre\u017enoj stranici Julijane Matanovi\u0107, poznate spisateljice koja je profesorica na Filozofskom fakultetu u Zagrebu (koja je stalno \u017eivjela u Turi\u0107u do tre\u0107e godine \u017eivota), mo\u017eete prona\u0107i podatke o njezinim djelima. U razgovoru za portal KLIX.ba mo\u017eete pro\u010ditati i o njezinoj vezi s Bosnom, Grada\u010dcem i Kraljevom Sutjeskom (iz koje su, prema crkvenim maticama, preci [&hellip;]<\/p>\n","protected":false},"author":185,"featured_media":0,"comment_status":"closed","ping_status":"closed","sticky":false,"template":"","format":"standard","meta":{"footnotes":""},"categories":[26],"tags":[],"class_list":["post-182","post","type-post","status-publish","format-standard","hentry","category-o-ljudima-iz-turica"],"_links":{"self":[{"href":"https:\/\/turic.hr\/index.php?rest_route=\/wp\/v2\/posts\/182","targetHints":{"allow":["GET"]}}],"collection":[{"href":"https:\/\/turic.hr\/index.php?rest_route=\/wp\/v2\/posts"}],"about":[{"href":"https:\/\/turic.hr\/index.php?rest_route=\/wp\/v2\/types\/post"}],"author":[{"embeddable":true,"href":"https:\/\/turic.hr\/index.php?rest_route=\/wp\/v2\/users\/185"}],"replies":[{"embeddable":true,"href":"https:\/\/turic.hr\/index.php?rest_route=%2Fwp%2Fv2%2Fcomments&post=182"}],"version-history":[{"count":0,"href":"https:\/\/turic.hr\/index.php?rest_route=\/wp\/v2\/posts\/182\/revisions"}],"wp:attachment":[{"href":"https:\/\/turic.hr\/index.php?rest_route=%2Fwp%2Fv2%2Fmedia&parent=182"}],"wp:term":[{"taxonomy":"category","embeddable":true,"href":"https:\/\/turic.hr\/index.php?rest_route=%2Fwp%2Fv2%2Fcategories&post=182"},{"taxonomy":"post_tag","embeddable":true,"href":"https:\/\/turic.hr\/index.php?rest_route=%2Fwp%2Fv2%2Ftags&post=182"}],"curies":[{"name":"wp","href":"https:\/\/api.w.org\/{rel}","templated":true}]}}