{"id":211,"date":"2014-05-01T00:25:39","date_gmt":"2014-04-30T22:25:39","guid":{"rendered":"http:\/\/pubweb.carnet.hr\/turic\/?p=211"},"modified":"2014-10-08T09:54:30","modified_gmt":"2014-10-08T07:54:30","slug":"211","status":"publish","type":"post","link":"https:\/\/turic.hr\/?p=211","title":{"rendered":"Raspored misa u Turi\u0107u uo\u010di Ilina i na Ilino 2014."},"content":{"rendered":"<p style=\"text-align: justify\">Od na\u0161ega \u017eupnika vl\u010d. Pere Brki\u0107a dobili smo raspored sv. misa uo\u010di Ilina i na Ilino 2014.<\/p>\n<p style=\"text-align: center\"><strong>Trodnevnica za sv. Iliju <\/strong><br \/>\n<strong>(17., 18., 19. 7. 2014.)<\/strong><\/p>\n<p style=\"text-align: center\"><strong>sv. mise \u010detvrtak, petak, subota: 18:00 sati crkva Turi\u0107 <\/strong><\/p>\n<p style=\"text-align: center\"><strong>Patron \u017eupe \u2013 sv. Ilija prorok <\/strong><br \/>\n<strong>(20.7.2014.)<\/strong><br \/>\n<strong>pu\u010dka misa u nedjelju: 11:00 sati ispred crkve u Turi\u0107u<\/strong><\/p>\n<p>Do\u0111imo u \u0161to ve\u0107em broju, i u svom selu proslavimo svog za\u0161titnika sv. Iliju.<\/p>\n<p style=\"text-align: justify\">Popratnim utakmicama na igrali\u0161tu obilje\u017eit \u0107e se i 50 godina od kad Dinamo Turi\u0107 nosi dana\u0161nje ime.<\/p>\n","protected":false},"excerpt":{"rendered":"<p>Od na\u0161ega \u017eupnika vl\u010d. Pere Brki\u0107a dobili smo raspored sv. misa uo\u010di Ilina i na Ilino 2014. Trodnevnica za sv. Iliju (17., 18., 19. 7. 2014.) sv. mise \u010detvrtak, petak, subota: 18:00 sati crkva Turi\u0107 Patron \u017eupe \u2013 sv. Ilija prorok (20.7.2014.) pu\u010dka misa u nedjelju: 11:00 sati ispred crkve u Turi\u0107u Do\u0111imo u \u0161to [&hellip;]<\/p>\n","protected":false},"author":185,"featured_media":0,"comment_status":"closed","ping_status":"closed","sticky":false,"template":"","format":"standard","meta":{"footnotes":""},"categories":[20],"tags":[],"class_list":["post-211","post","type-post","status-publish","format-standard","hentry","category-arhiva_zupa"],"_links":{"self":[{"href":"https:\/\/turic.hr\/index.php?rest_route=\/wp\/v2\/posts\/211","targetHints":{"allow":["GET"]}}],"collection":[{"href":"https:\/\/turic.hr\/index.php?rest_route=\/wp\/v2\/posts"}],"about":[{"href":"https:\/\/turic.hr\/index.php?rest_route=\/wp\/v2\/types\/post"}],"author":[{"embeddable":true,"href":"https:\/\/turic.hr\/index.php?rest_route=\/wp\/v2\/users\/185"}],"replies":[{"embeddable":true,"href":"https:\/\/turic.hr\/index.php?rest_route=%2Fwp%2Fv2%2Fcomments&post=211"}],"version-history":[{"count":0,"href":"https:\/\/turic.hr\/index.php?rest_route=\/wp\/v2\/posts\/211\/revisions"}],"wp:attachment":[{"href":"https:\/\/turic.hr\/index.php?rest_route=%2Fwp%2Fv2%2Fmedia&parent=211"}],"wp:term":[{"taxonomy":"category","embeddable":true,"href":"https:\/\/turic.hr\/index.php?rest_route=%2Fwp%2Fv2%2Fcategories&post=211"},{"taxonomy":"post_tag","embeddable":true,"href":"https:\/\/turic.hr\/index.php?rest_route=%2Fwp%2Fv2%2Ftags&post=211"}],"curies":[{"name":"wp","href":"https:\/\/api.w.org\/{rel}","templated":true}]}}