{"id":236,"date":"2012-01-23T23:43:12","date_gmt":"2012-01-23T22:43:12","guid":{"rendered":"http:\/\/pubweb.carnet.hr\/turic\/?p=236"},"modified":"2014-10-08T09:55:10","modified_gmt":"2014-10-08T07:55:10","slug":"inicijativa-za-podizanje-spomen-obiljezja-na-groblju-mendesevac-hrvatskim-stradalnicima-iz-blazevca","status":"publish","type":"post","link":"https:\/\/turic.hr\/?p=236","title":{"rendered":"Inicijativa za podizanje spomen-obilje\u017eja na groblju Mende\u0161evac hrvatskim stradalnicima iz Bla\u017eevca"},"content":{"rendered":"<p>Dragi posjetitelji www.turic.hr,<\/p>\n<p>Obavje\u0161tavamo Vas o akciji pod sloganom &#8220;&#8230;da se ne zaboravi.!&#8221; koja ima za cilj izgradnju <strong>spomen-obilje\u017eja svim hrvatskim stradalnicima iz Bla\u017eevca u drugom svjetskom ratu i pora\u0107u, te u ratu 1992.-1995.<\/strong><\/p>\n<p>S obzirom da je rije\u010d o na\u0161em susjednom selu, a mnogi od nas imaju rodbinu u Bla\u017eevcu ili porijeklom iz Bla\u017eevca, pretpostavljamo da ova akcija ima va\u017ean zna\u010daj i za na\u0161e Turi\u0107ane i da \u0107e kod mnogih pobuditi veliko zanimanje ili biti od interesa.<\/p>\n<p><strong>Popis \u017ertava, oblikovno rje\u0161enje, kao i ostale pojedinosti o ovom kulturolo\u0161kom, eti\u010dkom i kr\u0161\u0107anskom \u010dinu mo\u017eete saznati od inicijatora akcije Fabijana Joki\u0107a \u2013 podatke za kontakt preuzmite <a href=\"http:\/\/pubweb.carnet.hr\/turic\/wp-content\/uploads\/sites\/180\/2014\/09\/Inicijativa_spomenik_Blazevac.pdf\" target=\"_blank\">OVDJE<\/a>.<\/strong><\/p>\n","protected":false},"excerpt":{"rendered":"<p>Dragi posjetitelji www.turic.hr, Obavje\u0161tavamo Vas o akciji pod sloganom &#8220;&#8230;da se ne zaboravi.!&#8221; koja ima za cilj izgradnju spomen-obilje\u017eja svim hrvatskim stradalnicima iz Bla\u017eevca u drugom svjetskom ratu i pora\u0107u, te u ratu 1992.-1995. S obzirom da je rije\u010d o na\u0161em susjednom selu, a mnogi od nas imaju rodbinu u Bla\u017eevcu ili porijeklom iz Bla\u017eevca, [&hellip;]<\/p>\n","protected":false},"author":185,"featured_media":0,"comment_status":"closed","ping_status":"closed","sticky":false,"template":"","format":"standard","meta":{"footnotes":""},"categories":[21],"tags":[],"class_list":["post-236","post","type-post","status-publish","format-standard","hentry","category-arhiva_razno"],"_links":{"self":[{"href":"https:\/\/turic.hr\/index.php?rest_route=\/wp\/v2\/posts\/236","targetHints":{"allow":["GET"]}}],"collection":[{"href":"https:\/\/turic.hr\/index.php?rest_route=\/wp\/v2\/posts"}],"about":[{"href":"https:\/\/turic.hr\/index.php?rest_route=\/wp\/v2\/types\/post"}],"author":[{"embeddable":true,"href":"https:\/\/turic.hr\/index.php?rest_route=\/wp\/v2\/users\/185"}],"replies":[{"embeddable":true,"href":"https:\/\/turic.hr\/index.php?rest_route=%2Fwp%2Fv2%2Fcomments&post=236"}],"version-history":[{"count":0,"href":"https:\/\/turic.hr\/index.php?rest_route=\/wp\/v2\/posts\/236\/revisions"}],"wp:attachment":[{"href":"https:\/\/turic.hr\/index.php?rest_route=%2Fwp%2Fv2%2Fmedia&parent=236"}],"wp:term":[{"taxonomy":"category","embeddable":true,"href":"https:\/\/turic.hr\/index.php?rest_route=%2Fwp%2Fv2%2Fcategories&post=236"},{"taxonomy":"post_tag","embeddable":true,"href":"https:\/\/turic.hr\/index.php?rest_route=%2Fwp%2Fv2%2Ftags&post=236"}],"curies":[{"name":"wp","href":"https:\/\/api.w.org\/{rel}","templated":true}]}}