{"id":269,"date":"2009-01-11T22:11:48","date_gmt":"2009-01-11T21:11:48","guid":{"rendered":"http:\/\/pubweb.carnet.hr\/turic\/?p=269"},"modified":"2014-10-02T22:52:17","modified_gmt":"2014-10-02T20:52:17","slug":"40-godisnjica-zupe-turic-i-vijesti-u-vezi-turica","status":"publish","type":"post","link":"https:\/\/turic.hr\/?p=269","title":{"rendered":"40. godi\u0161njica \u017dupe Turi\u0107 &#8211; i vijesti u vezi Turi\u0107a"},"content":{"rendered":"<h4>1) Ilino i obilje\u017eavanje 40. godi\u0161njice \u017dupe Turi\u0107<\/h4>\n<p style=\"text-align: justify\">Raspored sv. misa &#8211; informacija od \u017eupnika:<\/p>\n<ul style=\"text-align: justify\">\n<li>trodnevnica \u010detvrtak-subota (17.-19. srpnja 2008.) &#8211; mise u 18,30 u crkvi uz prigodu za ispovijed<\/li>\n<li>Misa na Ilino u crkvi u 11 sati<\/li>\n<\/ul>\n<p style=\"text-align: justify\">Kod \u017eupnika mo\u017eete kupiti DVD o pro\u0161logodi\u0161njoj proslavi 200. godina od pogibije fra Lovre Milanovi\u0107a u na\u0161emu selu, kao i knjigu o fra Lovri.<\/p>\n<p style=\"text-align: justify\">Pribli\u017eava se Ilino za koje \u0107e brojni Turi\u0107ani do\u0107i u svoje rodno mjesto. Ove godine Ilino pada u nedjelju, tako da \u0107e broj onih koji dolaze biti sigurno ve\u0107i. Tom prigodom obilje\u017eavamo i jednu va\u017enu obljetnicu &#8211; 40 godina od osnutka \u017eupe Turi\u0107. Tih dana bismo trebali porazgovarati oko toga \u0161to mo\u017eemo u\u010diniti, svatko od nas, kako bi nam selo izgledalo bolje nego sada. Svatko od nas se treba potruditi i uklju\u010diti bilo raspravom i razmi\u0161ljanjem (i posebno dobronamjernim pristupom) oko mogu\u0107ih akcija, ali i ve\u0107om brigom za ure\u0111enje svoje oku\u0107nice, sokaka, staze&#8230;<\/p>\n<p style=\"text-align: justify\"><!--more--><\/p>\n<p style=\"text-align: justify\">Ovom je prigodom posebno vrijeme promisliti kako pomo\u0107i i olak\u0161ati egzistenciju i boravak onih Turi\u0107ana koji stalno \u017eive u selu. Osobito su nam potrebne akcije u tom smislu. Manje u smislu daljnjeg ure\u0111enja objekata. Jer objekti bez ljudi u\u010dinit \u0107e od sela samo veliki spomenik. Prijedloge s tim u vezi mo\u017eete slati i na Mailing listu &#8211; informacije o listi, i kako se prijaviti, nalaze se ispod ove poruke.<br \/>\nSvatko od nas treba razmisliti kako mo\u017ee doprinijeti stvaranju preduvjeta za pristojnu egzistenciju ljudi mla\u0111e dobi u Turi\u0107u. Time bi selo sigurno izgledalo daleko vedrije i ljep\u0161e. Postoji ve\u0107 sad u selu dovoljno posla za anga\u017eman barem 2-3 mlada \u010dovjeka, u pogledu odr\u017eavanja groblja (\u0161to radi Mato Lu\u010di\u0107 Ivin), oku\u0107nica, vo\u0107njaka, popravki ku\u0107a i zgrada u dvori\u0161tima. A o obra\u0111ivanju sve vrednije zemlje da i ne govorimo.<\/p>\n<p style=\"text-align: justify\">Posebno je dragocjen primjer obitelji Marijana Josipovi\u0107a iz Br\u0111ana koji obra\u0111uje svoju i zemlju nekih od njegovih susjeda, i \u017eivi s obitelji na zemlji i u mjestu u kojemu je ro\u0111en, vjerojatno sretnije nego brojni od nas koji smo se razi\u0161li po svijetu u potrazi za &#8220;boljim&#8221; poslovima. A i to koliko su ti &#8220;bolji&#8221; poslovi stvarno bolji &#8211; vidi se tek kasnije, kad sve u \u017eivotu &#8216;po\u010dne dolaziti na naplatu&#8217;.<br \/>\nPopri\u010dajte za boravka u selu s tim ljudima, priupitajte za dojmove i ponudite pomo\u0107, i bit \u0107ete bolje i bolje \u0107ete se osje\u0107ati vi, a i oni koji u selu stalno \u017eive.<\/p>\n<h4 style=\"text-align: justify\">2) Zavr\u0161etak ogra\u0111ivanja groblja i asfaltiranja parkirali\u0161ta kod crkve<\/h4>\n<p style=\"text-align: justify\"><strong>\u00a0 \u00a0 \u00a0a)<\/strong> Mato Lu\u010di\u0107 (koji odr\u017eava groblje od ove godine) i Marijan \u0160ok\u010devi\u0107 su se poduzeli organizirati ogra\u0111ivanje groblja (na dijelu gdje jo\u0161 nije ogra\u0111eno).<\/p>\n<p style=\"text-align: justify\">To bi bilo na isti na\u010din kako je ogra\u0111eno s prednje strane. Pa se moli da, tko mo\u017ee i \u017eeli dati prilog, kontaktira nekoga od njih dvojice.\u00a0Zadnja je vijest da je ogra\u0111ivanje zavr\u0161eno.<\/p>\n<p style=\"text-align: justify\"><strong>\u00a0 \u00a0 \u00a0b)<\/strong> \u017dupnik je organizirao asfaltiranje parkirali\u0161ta kod crkve, pa kod njega mo\u017eete dati prilog za taj posao.<\/p>\n<h4 style=\"text-align: justify\">3) Izabrano je novo vodstvo Mjesne zajednice<\/h4>\n<p style=\"text-align: justify\">Mato Lu\u010di\u0107 Ivin se prihvatio biti predsjednik, a \u010dlanovi Savjeta Mjesne zajednice su Mato Ivki\u0107, Pero \u010celebi\u0107, Marijan Josipovi\u0107, Petar Josipovi\u0107, Marijan \u0160ok\u010devi\u0107 i Jozo Lu\u010di\u0107. Hvala im da su se prihvatili tih du\u017enosti, i nadamo se da \u0107e ih dugo i uspje\u0161no mo\u0107i obavljati. A mi smo im svi du\u017eni pomagati.<\/p>\n<h4 style=\"text-align: justify\">4) Novo vodstvo Turi\u0107a je prionulo na posao<\/h4>\n<p style=\"text-align: justify\">(nasipali su putove oko centra i prema Karanfilima i fazaneriji, o\u010di\u0161\u0107ena okolica igrali\u0161ta, nasuta zemlja i napravljen parking za aute kod igrali\u0161ta, po\u010deli ure\u0111ivati put za Br\u0111ane preko Ko\u017enja\u010de), vratili zemlji\u0161te kod \u0161kole u vlasni\u0161tvo Mjesne zajednice i po\u010deli \u010distiti i ure\u0111ivati to zemlji\u0161te, podmirili dugovanje za struju i ponovno uklju\u010dili struju u prostorijama Mjesne zajednice.<\/p>\n<p style=\"text-align: justify\">U tim su poslovima nastali neki tro\u0161kovi za koje molimo da svatko tko mo\u017ee sudjeluje, prema mogu\u0107nostima. Za podmirenje tro\u0161kova i iznos dosada\u0161njih i planiranih tro\u0161kova do zavr\u0161etka ovog dijela radova, mo\u017eete se obratiti za dodatne informacije (i dati novce) Mati Lu\u010di\u0107u, Peri \u010celebi\u0107u, ili nekome iz vodstva mjesne zajednice.<\/p>\n","protected":false},"excerpt":{"rendered":"<p>1) Ilino i obilje\u017eavanje 40. godi\u0161njice \u017dupe Turi\u0107 Raspored sv. misa &#8211; informacija od \u017eupnika: trodnevnica \u010detvrtak-subota (17.-19. srpnja 2008.) &#8211; mise u 18,30 u crkvi uz prigodu za ispovijed Misa na Ilino u crkvi u 11 sati Kod \u017eupnika mo\u017eete kupiti DVD o pro\u0161logodi\u0161njoj proslavi 200. godina od pogibije fra Lovre Milanovi\u0107a u na\u0161emu [&hellip;]<\/p>\n","protected":false},"author":185,"featured_media":0,"comment_status":"closed","ping_status":"closed","sticky":false,"template":"","format":"standard","meta":{"footnotes":""},"categories":[20],"tags":[],"class_list":["post-269","post","type-post","status-publish","format-standard","hentry","category-arhiva_zupa"],"_links":{"self":[{"href":"https:\/\/turic.hr\/index.php?rest_route=\/wp\/v2\/posts\/269","targetHints":{"allow":["GET"]}}],"collection":[{"href":"https:\/\/turic.hr\/index.php?rest_route=\/wp\/v2\/posts"}],"about":[{"href":"https:\/\/turic.hr\/index.php?rest_route=\/wp\/v2\/types\/post"}],"author":[{"embeddable":true,"href":"https:\/\/turic.hr\/index.php?rest_route=\/wp\/v2\/users\/185"}],"replies":[{"embeddable":true,"href":"https:\/\/turic.hr\/index.php?rest_route=%2Fwp%2Fv2%2Fcomments&post=269"}],"version-history":[{"count":0,"href":"https:\/\/turic.hr\/index.php?rest_route=\/wp\/v2\/posts\/269\/revisions"}],"wp:attachment":[{"href":"https:\/\/turic.hr\/index.php?rest_route=%2Fwp%2Fv2%2Fmedia&parent=269"}],"wp:term":[{"taxonomy":"category","embeddable":true,"href":"https:\/\/turic.hr\/index.php?rest_route=%2Fwp%2Fv2%2Fcategories&post=269"},{"taxonomy":"post_tag","embeddable":true,"href":"https:\/\/turic.hr\/index.php?rest_route=%2Fwp%2Fv2%2Ftags&post=269"}],"curies":[{"name":"wp","href":"https:\/\/api.w.org\/{rel}","templated":true}]}}